{"id":1352,"date":"2025-10-14T08:31:59","date_gmt":"2025-10-14T08:31:59","guid":{"rendered":"https:\/\/sallyq.se\/?p=1352"},"modified":"2025-11-19T16:29:14","modified_gmt":"2025-11-19T16:29:14","slug":"arbetsmarknaden-2025-forandring-forsiktighet-och-avsaknad-av-fika","status":"publish","type":"post","link":"https:\/\/sallyq.se\/en\/arbetsmarknaden-2025-forandring-forsiktighet-och-avsaknad-av-fika\/","title":{"rendered":"Arbetsmarknaden 2025 \u2013 f\u00f6r\u00e4ndring, f\u00f6rsiktighet och avsaknad av fika"},"content":{"rendered":"<p><strong>Av: <a href=\"mailto:sandra.sveder@sallyq.se\">Sandra Bydell Sveder<\/a>, Senior Rekryteringskonsult, SallyQ<\/strong><\/p>\n\n\n\n<p><\/p>\n\n\n\n<p><em><strong>F\u00e4rre jobbannonser, fler konkurser och en m\u00e4rkbart f\u00f6rsiktigare ton pr\u00e4glar den svenska arbetsmarknaden just nu.<\/strong><\/em><br>Men bortom siffrorna m\u00e4rks n\u00e5got mer subtilt: besluten tar l\u00e4ngre tid, spontana samtal har blivit ovanliga \u2013 och till och med fikat verkar ha blivit en bristvara.<\/p>\n\n\n\n<p>Det s\u00e4ger n\u00e5got om tiden vi befinner oss i.<br>Os\u00e4kerheten har flyttat in i vardagen, \u00e4ven i Life Science-sektorn. Samtidigt har kraven p\u00e5 precision, erfarenhet och tr\u00e4ffs\u00e4kerhet i rekrytering aldrig varit h\u00f6gre.<br>I en marknad d\u00e4r m\u00e5nga h\u00e5ller igen p\u00e5 nyanst\u00e4llningar g\u00e4ller det att t\u00e4nka smart, l\u00e5ngsiktigt \u2013 och ibland v\u00e5ga g\u00e5 emot str\u00f6mmen.<\/p>\n\n\n\n<h2 class=\"wp-block-heading\">Arbetsmarknaden 2025 &#8211; <strong>En marknad i f\u00f6r\u00e4ndring<\/strong><\/h2>\n\n\n\n<p>Den svenska arbetsmarknaden har f\u00f6r\u00e4ndrats kraftigt de senaste \u00e5ren \u2013 och det syns tydligt i statistiken.<\/p>\n\n\n\n<h3 class=\"wp-block-heading\">Siffrorna som talar<\/h3>\n\n\n\n<p>Antalet publicerade <strong>jobbannonser<\/strong> har minskat fr\u00e5n <strong>219 000 i maj 2023 till 87 000 i maj 2025<\/strong> \u2013 en nedg\u00e5ng p\u00e5 hela <strong>60 %<\/strong>.<br><em>(<a href=\"https:\/\/www.svd.se\/a\/Jbmqp7\/allt-hogre-arbetsloshet-for-nyexaminerade-kravs-ars-erfarenhet\">K\u00e4lla: SvD \/ Arbetsf\u00f6rmedlingen<\/a>)<\/em><\/p>\n\n\n\n<p><strong>2024 blev ett rekord\u00e5r f\u00f6r konkurser<\/strong>. Hela <strong>10 762 bolag<\/strong> gick i konkurs \u2013 det h\u00f6gsta antalet sedan 1996, en \u00f6kning med <strong>21 %<\/strong> j\u00e4mf\u00f6rt med \u00e5ret innan.<br><em>(<a href=\"https:\/\/www.tillvaxtanalys.se\/webbnyheter\/antaletkonkurserunder2024historiskthogt.127481.html\">K\u00e4lla: Tillv\u00e4xtanalys<\/a>)<\/em><\/p>\n\n\n\n<p>Tillsammans m\u00e5lar dessa siffror upp en bild av en arbetsmarknad som inte l\u00e4ngre drivs av tillv\u00e4xt \u2013 utan av f\u00f6rsiktighet.<\/p>\n\n\n\n<h2 class=\"wp-block-heading\"><strong>Life Science  2025 \u2013 samma m\u00f6nster, nya rekryteringsutmaningar<\/strong><\/h2>\n\n\n\n<p>Vi ser samma trend \u00e4ven inom Life Science-industrin:<\/p>\n\n\n\n<ul class=\"wp-block-list\">\n<li>En mer f\u00f6rsiktig marknad<\/li>\n\n\n\n<li>Minskad rekryteringsaktivitet<\/li>\n\n\n\n<li>\u00d6kad konkurrens om toppkandidaterna<\/li>\n<\/ul>\n\n\n\n<h3 class=\"wp-block-heading\">Fler s\u00f6ker, men r\u00e4tt personer \u00e4r sv\u00e5rare att hitta<\/h3>\n\n\n\n<p>Fler bolag v\u00e4ljer att rekrytera sj\u00e4lva, och fler kandidater s\u00f6ker spontant.<br>Men det betyder inte att <strong>r\u00e4tt personer<\/strong> s\u00f6ker \u2013 eller att rekrytering blivit enklare.<\/p>\n\n\n\n<p>Tv\u00e4rtom ser vi att m\u00e5nga roller tar l\u00e4ngre tid att tills\u00e4tta, eftersom matchningen m\u00e5ste vara exakt.<\/p>\n\n\n\n<h2 class=\"wp-block-heading\"><strong>Varf\u00f6r \u00e4r det fortfarande utmanande?<\/strong><\/h2>\n\n\n\n<p>I teorin borde fler kandidater och f\u00e4rre jobb g\u00f6ra rekrytering enklare. I praktiken \u00e4r det tv\u00e4rtom \u2013 och orsakerna \u00e4r flera.<\/p>\n\n\n\n<ul class=\"wp-block-list\">\n<li><strong>L\u00e4ngre kravprofiler och mindre t\u00e5lamod<\/strong> &#8211; Bolag vill ha kandidater med exakt r\u00e4tt erfarenhet och undvika uppl\u00e4rning.<\/li>\n<\/ul>\n\n\n\n<ul class=\"wp-block-list\">\n<li><strong>De b\u00e4sta kandidaterna s\u00f6ker inte aktivt<\/strong> &#8211; De f\u00f6rv\u00e4ntar sig att bli uppvaktade. <br>I <strong>60 %<\/strong> av de rekryteringsprocesser vi involveras i \u00e4r slutkandidaten <strong>headhuntad <\/strong>eller<strong> searchad<\/strong>, inte en spontan s\u00f6kande.<\/li>\n<\/ul>\n\n\n\n<h2 class=\"wp-block-heading\">Rekrytering i f\u00f6r\u00e4ndring -Reflektion<\/h2>\n\n\n\n<p>Vi tror inte att l\u00f6sningen \u00e4r att rekrytera snabbare \u2013 utan smartare.<\/p>\n\n\n\n<ul class=\"wp-block-list\">\n<li>T\u00e4nk l\u00e5ngsiktigt &#8211; Rekrytera p\u00e5 potential, inte bara erfarenhet.<\/li>\n\n\n\n<li>Ta hj\u00e4lp d\u00e4r det g\u00f6r st\u00f6rst skillnad, till exempel med headhunting\/ search eller slutbed\u00f6mning.<\/li>\n\n\n\n<li>Och viktigast av allt \u2013 v\u00e5ga utmana gamla arbetss\u00e4tt. <\/li>\n<\/ul>\n\n\n\n<p>De bolag som v\u00e5gar t\u00e4nka nytt i en svagare marknad \u00e4r ofta de som st\u00e5r starkast n\u00e4r konjunkturen v\u00e4nder.<\/p>\n\n\n\n<h2 class=\"wp-block-heading\"><strong>Vill du bolla kommande rekryteringar?<\/strong><\/h2>\n\n\n\n<p>Boka ett m\u00f6te med oss, prioritera en fika och f\u00e5 insikter kring kvalitativ rekrytering p\u00e5 k\u00f6pet.<\/p>\n\n\n\n<h2 class=\"wp-block-heading\">\ud83d\udd17 Interna l\u00e4nkar <\/h2>\n\n\n\n<ul class=\"wp-block-list\">\n<li><a href=\"https:\/\/sallyq.se\/en\/rekrytering\/\">V\u00e5ra rekryteringstj\u00e4nster<\/a><\/li>\n\n\n\n<li><a href=\"https:\/\/sallyq.se\/en\/om-oss\/\">About us<\/a><\/li>\n\n\n\n<li><a href=\"https:\/\/sallyq.se\/en\/kontakt-2\/\">Contact<\/a><\/li>\n<\/ul>\n\n\n\n<figure class=\"wp-block-gallery has-nested-images columns-3 is-cropped wp-block-gallery-1 is-layout-flex wp-block-gallery-is-layout-flex\">\n<figure class=\"wp-block-image size-large\"><img loading=\"lazy\" decoding=\"async\" width=\"683\" height=\"1024\" data-id=\"456\" src=\"https:\/\/sallyq.se\/wp-content\/uploads\/2024\/01\/Sandra-Sveder-2-683x1024.jpeg\" alt=\"Sandra reflekterar \u00f6ver arbetsmarknaden 2025\" class=\"wp-image-456\" srcset=\"https:\/\/sallyq.se\/wp-content\/uploads\/2024\/01\/Sandra-Sveder-2-683x1024.jpeg 683w, https:\/\/sallyq.se\/wp-content\/uploads\/2024\/01\/Sandra-Sveder-2-200x300.jpeg 200w, https:\/\/sallyq.se\/wp-content\/uploads\/2024\/01\/Sandra-Sveder-2-768x1151.jpeg 768w, https:\/\/sallyq.se\/wp-content\/uploads\/2024\/01\/Sandra-Sveder-2-1024x1536.jpeg 1024w, https:\/\/sallyq.se\/wp-content\/uploads\/2024\/01\/Sandra-Sveder-2-1366x2048.jpeg 1366w, https:\/\/sallyq.se\/wp-content\/uploads\/2024\/01\/Sandra-Sveder-2.jpeg 1500w\" sizes=\"auto, (max-width: 683px) 100vw, 683px\" \/><figcaption class=\"wp-element-caption\">Sandra reflekterar \u00f6ver arbetsmarknaden 2025<\/figcaption><\/figure>\n<\/figure>","protected":false},"excerpt":{"rendered":"<p>F\u00e4rre jobbannonser, fler konkurser och en m\u00e4rkbart f\u00f6rsiktigare ton pr\u00e4glar den svenska arbetsmarknaden just nu.<br \/>\nMen bortom siffrorna m\u00e4rks n\u00e5got mer subtilt: besluten tar l\u00e4ngre tid, spontana samtal har blivit ovanliga \u2013 och till och med fikat verkar ha blivit en bristvara.<\/p>","protected":false},"author":1,"featured_media":49,"comment_status":"closed","ping_status":"closed","sticky":false,"template":"","format":"standard","meta":{"_acf_changed":false,"_uag_custom_page_level_css":"","_kad_post_transparent":"","_kad_post_title":"","_kad_post_layout":"","_kad_post_sidebar_id":"","_kad_post_content_style":"","_kad_post_vertical_padding":"","_kad_post_feature":"","_kad_post_feature_position":"","_kad_post_header":false,"_kad_post_footer":false,"_kad_post_classname":"","footnotes":""},"categories":[1,3],"tags":[6,7,8],"class_list":["post-1352","post","type-post","status-publish","format-standard","has-post-thumbnail","hentry","category-karriar","category-rekrytering","tag-arbetsmarknaden-2025","tag-life-science","tag-rekrytering"],"acf":[],"yoast_head":"<!-- This site is optimized with the Yoast SEO plugin v27.5 - https:\/\/yoast.com\/product\/yoast-seo-wordpress\/ -->\n<title>Arbetsmarknaden 2025 \u2013 f\u00f6r\u00e4ndring, f\u00f6rsiktighet och avsaknad av fika - SallyQ %<\/title>\n<meta name=\"description\" content=\"Den svenska arbetsmarknaden 2025 pr\u00e4glas av f\u00f6r\u00e4ndring och f\u00f6rsiktighet. Inom Life Science har rekrytering blivit mer komplex \u2013 trots f\u00e4rre jobbannonser. H\u00e4r delar SallyQ insikter om trender, kandidater och nya arbetss\u00e4tt.\" \/>\n<meta name=\"robots\" content=\"index, follow, max-snippet:-1, max-image-preview:large, max-video-preview:-1\" \/>\n<link rel=\"canonical\" href=\"https:\/\/sallyq.se\/en\/arbetsmarknaden-2025-forandring-forsiktighet-och-avsaknad-av-fika\/\" \/>\n<meta property=\"og:locale\" content=\"en_US\" \/>\n<meta property=\"og:type\" content=\"article\" \/>\n<meta property=\"og:title\" content=\"Arbetsmarknaden 2025 \u2013 f\u00f6r\u00e4ndring, f\u00f6rsiktighet och avsaknad av fika - SallyQ %\" \/>\n<meta property=\"og:description\" content=\"Den svenska arbetsmarknaden 2025 pr\u00e4glas av f\u00f6r\u00e4ndring och f\u00f6rsiktighet. Inom Life Science har rekrytering blivit mer komplex \u2013 trots f\u00e4rre jobbannonser. H\u00e4r delar SallyQ insikter om trender, kandidater och nya arbetss\u00e4tt.\" \/>\n<meta property=\"og:url\" content=\"https:\/\/sallyq.se\/en\/arbetsmarknaden-2025-forandring-forsiktighet-och-avsaknad-av-fika\/\" \/>\n<meta property=\"og:site_name\" content=\"SallyQ\" \/>\n<meta property=\"article:publisher\" content=\"https:\/\/www.facebook.com\/wearesallyq\" \/>\n<meta property=\"article:published_time\" content=\"2025-10-14T08:31:59+00:00\" \/>\n<meta property=\"article:modified_time\" content=\"2025-11-19T16:29:14+00:00\" \/>\n<meta property=\"og:image\" content=\"https:\/\/sallyq.se\/wp-content\/uploads\/2023\/12\/erik-mclean-oPWGhqBPNI0-unsplash-scaled.jpg\" \/>\n\t<meta property=\"og:image:width\" content=\"2560\" \/>\n\t<meta property=\"og:image:height\" content=\"1707\" \/>\n\t<meta property=\"og:image:type\" content=\"image\/jpeg\" \/>\n<meta name=\"author\" content=\"QAdmin\" \/>\n<script type=\"application\/ld+json\" class=\"yoast-schema-graph\">{\"@context\":\"https:\\\/\\\/schema.org\",\"@graph\":[{\"@type\":\"Article\",\"@id\":\"https:\\\/\\\/sallyq.se\\\/arbetsmarknaden-2025-forandring-forsiktighet-och-avsaknad-av-fika\\\/#article\",\"isPartOf\":{\"@id\":\"https:\\\/\\\/sallyq.se\\\/arbetsmarknaden-2025-forandring-forsiktighet-och-avsaknad-av-fika\\\/\"},\"author\":{\"name\":\"QAdmin\",\"@id\":\"https:\\\/\\\/sallyq.se\\\/#\\\/schema\\\/person\\\/a4c04bccbf40186bbfd8319ed168f2f1\"},\"headline\":\"Arbetsmarknaden 2025 \u2013 f\u00f6r\u00e4ndring, f\u00f6rsiktighet och avsaknad av fika\",\"datePublished\":\"2025-10-14T08:31:59+00:00\",\"dateModified\":\"2025-11-19T16:29:14+00:00\",\"mainEntityOfPage\":{\"@id\":\"https:\\\/\\\/sallyq.se\\\/arbetsmarknaden-2025-forandring-forsiktighet-och-avsaknad-av-fika\\\/\"},\"wordCount\":527,\"publisher\":{\"@id\":\"https:\\\/\\\/sallyq.se\\\/#organization\"},\"image\":{\"@id\":\"https:\\\/\\\/sallyq.se\\\/arbetsmarknaden-2025-forandring-forsiktighet-och-avsaknad-av-fika\\\/#primaryimage\"},\"thumbnailUrl\":\"https:\\\/\\\/sallyq.se\\\/wp-content\\\/uploads\\\/2023\\\/12\\\/erik-mclean-oPWGhqBPNI0-unsplash-scaled.jpg\",\"keywords\":[\"Arbetsmarknaden 2025\",\"Life Science\",\"Rekrytering\"],\"articleSection\":[\"Karri\u00e4r\",\"Rekrytering\"],\"inLanguage\":\"en-US\"},{\"@type\":\"WebPage\",\"@id\":\"https:\\\/\\\/sallyq.se\\\/arbetsmarknaden-2025-forandring-forsiktighet-och-avsaknad-av-fika\\\/\",\"url\":\"https:\\\/\\\/sallyq.se\\\/arbetsmarknaden-2025-forandring-forsiktighet-och-avsaknad-av-fika\\\/\",\"name\":\"Arbetsmarknaden 2025 \u2013 f\u00f6r\u00e4ndring, f\u00f6rsiktighet och avsaknad av fika - SallyQ %\",\"isPartOf\":{\"@id\":\"https:\\\/\\\/sallyq.se\\\/#website\"},\"primaryImageOfPage\":{\"@id\":\"https:\\\/\\\/sallyq.se\\\/arbetsmarknaden-2025-forandring-forsiktighet-och-avsaknad-av-fika\\\/#primaryimage\"},\"image\":{\"@id\":\"https:\\\/\\\/sallyq.se\\\/arbetsmarknaden-2025-forandring-forsiktighet-och-avsaknad-av-fika\\\/#primaryimage\"},\"thumbnailUrl\":\"https:\\\/\\\/sallyq.se\\\/wp-content\\\/uploads\\\/2023\\\/12\\\/erik-mclean-oPWGhqBPNI0-unsplash-scaled.jpg\",\"datePublished\":\"2025-10-14T08:31:59+00:00\",\"dateModified\":\"2025-11-19T16:29:14+00:00\",\"description\":\"Den svenska arbetsmarknaden 2025 pr\u00e4glas av f\u00f6r\u00e4ndring och f\u00f6rsiktighet. Inom Life Science har rekrytering blivit mer komplex \u2013 trots f\u00e4rre jobbannonser. H\u00e4r delar SallyQ insikter om trender, kandidater och nya arbetss\u00e4tt.\",\"breadcrumb\":{\"@id\":\"https:\\\/\\\/sallyq.se\\\/arbetsmarknaden-2025-forandring-forsiktighet-och-avsaknad-av-fika\\\/#breadcrumb\"},\"inLanguage\":\"en-US\",\"potentialAction\":[{\"@type\":\"ReadAction\",\"target\":[\"https:\\\/\\\/sallyq.se\\\/arbetsmarknaden-2025-forandring-forsiktighet-och-avsaknad-av-fika\\\/\"]}]},{\"@type\":\"ImageObject\",\"inLanguage\":\"en-US\",\"@id\":\"https:\\\/\\\/sallyq.se\\\/arbetsmarknaden-2025-forandring-forsiktighet-och-avsaknad-av-fika\\\/#primaryimage\",\"url\":\"https:\\\/\\\/sallyq.se\\\/wp-content\\\/uploads\\\/2023\\\/12\\\/erik-mclean-oPWGhqBPNI0-unsplash-scaled.jpg\",\"contentUrl\":\"https:\\\/\\\/sallyq.se\\\/wp-content\\\/uploads\\\/2023\\\/12\\\/erik-mclean-oPWGhqBPNI0-unsplash-scaled.jpg\",\"width\":2560,\"height\":1707},{\"@type\":\"BreadcrumbList\",\"@id\":\"https:\\\/\\\/sallyq.se\\\/arbetsmarknaden-2025-forandring-forsiktighet-och-avsaknad-av-fika\\\/#breadcrumb\",\"itemListElement\":[{\"@type\":\"ListItem\",\"position\":1,\"name\":\"Hem\",\"item\":\"https:\\\/\\\/sallyq.se\\\/\"},{\"@type\":\"ListItem\",\"position\":2,\"name\":\"Arbetsmarknaden 2025 \u2013 f\u00f6r\u00e4ndring, f\u00f6rsiktighet och avsaknad av fika\"}]},{\"@type\":\"WebSite\",\"@id\":\"https:\\\/\\\/sallyq.se\\\/#website\",\"url\":\"https:\\\/\\\/sallyq.se\\\/\",\"name\":\"SallyQ\",\"description\":\"F\u00f6r en kvalitativ v\u00e4g till framsteg\",\"publisher\":{\"@id\":\"https:\\\/\\\/sallyq.se\\\/#organization\"},\"potentialAction\":[{\"@type\":\"SearchAction\",\"target\":{\"@type\":\"EntryPoint\",\"urlTemplate\":\"https:\\\/\\\/sallyq.se\\\/?s={search_term_string}\"},\"query-input\":{\"@type\":\"PropertyValueSpecification\",\"valueRequired\":true,\"valueName\":\"search_term_string\"}}],\"inLanguage\":\"en-US\"},{\"@type\":\"Organization\",\"@id\":\"https:\\\/\\\/sallyq.se\\\/#organization\",\"name\":\"SallyQ\",\"url\":\"https:\\\/\\\/sallyq.se\\\/\",\"logo\":{\"@type\":\"ImageObject\",\"inLanguage\":\"en-US\",\"@id\":\"https:\\\/\\\/sallyq.se\\\/#\\\/schema\\\/logo\\\/image\\\/\",\"url\":\"https:\\\/\\\/sallyq.se\\\/wp-content\\\/uploads\\\/2023\\\/12\\\/sq-r.png\",\"contentUrl\":\"https:\\\/\\\/sallyq.se\\\/wp-content\\\/uploads\\\/2023\\\/12\\\/sq-r.png\",\"width\":1000,\"height\":335,\"caption\":\"SallyQ\"},\"image\":{\"@id\":\"https:\\\/\\\/sallyq.se\\\/#\\\/schema\\\/logo\\\/image\\\/\"},\"sameAs\":[\"https:\\\/\\\/www.facebook.com\\\/wearesallyq\",\"https:\\\/\\\/www.instagram.com\\\/wearesallyq\\\/?igsh=eXN6aWh2cHhhY3Zy&utm_source=qr\",\"https:\\\/\\\/www.linkedin.com\\\/company\\\/sallyq\\\/\"]},{\"@type\":\"Person\",\"@id\":\"https:\\\/\\\/sallyq.se\\\/#\\\/schema\\\/person\\\/a4c04bccbf40186bbfd8319ed168f2f1\",\"name\":\"QAdmin\",\"image\":{\"@type\":\"ImageObject\",\"inLanguage\":\"en-US\",\"@id\":\"https:\\\/\\\/secure.gravatar.com\\\/avatar\\\/67b7d7c437c6d44fe53ddb91396beec9be6a6b412de9143ae5dd509fd2359437?s=96&d=mm&r=g\",\"url\":\"https:\\\/\\\/secure.gravatar.com\\\/avatar\\\/67b7d7c437c6d44fe53ddb91396beec9be6a6b412de9143ae5dd509fd2359437?s=96&d=mm&r=g\",\"contentUrl\":\"https:\\\/\\\/secure.gravatar.com\\\/avatar\\\/67b7d7c437c6d44fe53ddb91396beec9be6a6b412de9143ae5dd509fd2359437?s=96&d=mm&r=g\",\"caption\":\"QAdmin\"},\"sameAs\":[\"https:\\\/\\\/sallyq.se\"],\"url\":\"https:\\\/\\\/sallyq.se\\\/en\\\/author\\\/qadmin\\\/\"}]}<\/script>\n<!-- \/ Yoast SEO plugin. -->","yoast_head_json":{"title":"Arbetsmarknaden 2025 \u2013 f\u00f6r\u00e4ndring, f\u00f6rsiktighet och avsaknad av fika - SallyQ %","description":"Den svenska arbetsmarknaden 2025 pr\u00e4glas av f\u00f6r\u00e4ndring och f\u00f6rsiktighet. Inom Life Science har rekrytering blivit mer komplex \u2013 trots f\u00e4rre jobbannonser. H\u00e4r delar SallyQ insikter om trender, kandidater och nya arbetss\u00e4tt.","robots":{"index":"index","follow":"follow","max-snippet":"max-snippet:-1","max-image-preview":"max-image-preview:large","max-video-preview":"max-video-preview:-1"},"canonical":"https:\/\/sallyq.se\/en\/arbetsmarknaden-2025-forandring-forsiktighet-och-avsaknad-av-fika\/","og_locale":"en_US","og_type":"article","og_title":"Arbetsmarknaden 2025 \u2013 f\u00f6r\u00e4ndring, f\u00f6rsiktighet och avsaknad av fika - SallyQ %","og_description":"Den svenska arbetsmarknaden 2025 pr\u00e4glas av f\u00f6r\u00e4ndring och f\u00f6rsiktighet. Inom Life Science har rekrytering blivit mer komplex \u2013 trots f\u00e4rre jobbannonser. H\u00e4r delar SallyQ insikter om trender, kandidater och nya arbetss\u00e4tt.","og_url":"https:\/\/sallyq.se\/en\/arbetsmarknaden-2025-forandring-forsiktighet-och-avsaknad-av-fika\/","og_site_name":"SallyQ","article_publisher":"https:\/\/www.facebook.com\/wearesallyq","article_published_time":"2025-10-14T08:31:59+00:00","article_modified_time":"2025-11-19T16:29:14+00:00","og_image":[{"width":2560,"height":1707,"url":"https:\/\/sallyq.se\/wp-content\/uploads\/2023\/12\/erik-mclean-oPWGhqBPNI0-unsplash-scaled.jpg","type":"image\/jpeg"}],"author":"QAdmin","schema":{"@context":"https:\/\/schema.org","@graph":[{"@type":"Article","@id":"https:\/\/sallyq.se\/arbetsmarknaden-2025-forandring-forsiktighet-och-avsaknad-av-fika\/#article","isPartOf":{"@id":"https:\/\/sallyq.se\/arbetsmarknaden-2025-forandring-forsiktighet-och-avsaknad-av-fika\/"},"author":{"name":"QAdmin","@id":"https:\/\/sallyq.se\/#\/schema\/person\/a4c04bccbf40186bbfd8319ed168f2f1"},"headline":"Arbetsmarknaden 2025 \u2013 f\u00f6r\u00e4ndring, f\u00f6rsiktighet och avsaknad av fika","datePublished":"2025-10-14T08:31:59+00:00","dateModified":"2025-11-19T16:29:14+00:00","mainEntityOfPage":{"@id":"https:\/\/sallyq.se\/arbetsmarknaden-2025-forandring-forsiktighet-och-avsaknad-av-fika\/"},"wordCount":527,"publisher":{"@id":"https:\/\/sallyq.se\/#organization"},"image":{"@id":"https:\/\/sallyq.se\/arbetsmarknaden-2025-forandring-forsiktighet-och-avsaknad-av-fika\/#primaryimage"},"thumbnailUrl":"https:\/\/sallyq.se\/wp-content\/uploads\/2023\/12\/erik-mclean-oPWGhqBPNI0-unsplash-scaled.jpg","keywords":["Arbetsmarknaden 2025","Life Science","Rekrytering"],"articleSection":["Karri\u00e4r","Rekrytering"],"inLanguage":"en-US"},{"@type":"WebPage","@id":"https:\/\/sallyq.se\/arbetsmarknaden-2025-forandring-forsiktighet-och-avsaknad-av-fika\/","url":"https:\/\/sallyq.se\/arbetsmarknaden-2025-forandring-forsiktighet-och-avsaknad-av-fika\/","name":"Arbetsmarknaden 2025 \u2013 f\u00f6r\u00e4ndring, f\u00f6rsiktighet och avsaknad av fika - SallyQ %","isPartOf":{"@id":"https:\/\/sallyq.se\/#website"},"primaryImageOfPage":{"@id":"https:\/\/sallyq.se\/arbetsmarknaden-2025-forandring-forsiktighet-och-avsaknad-av-fika\/#primaryimage"},"image":{"@id":"https:\/\/sallyq.se\/arbetsmarknaden-2025-forandring-forsiktighet-och-avsaknad-av-fika\/#primaryimage"},"thumbnailUrl":"https:\/\/sallyq.se\/wp-content\/uploads\/2023\/12\/erik-mclean-oPWGhqBPNI0-unsplash-scaled.jpg","datePublished":"2025-10-14T08:31:59+00:00","dateModified":"2025-11-19T16:29:14+00:00","description":"Den svenska arbetsmarknaden 2025 pr\u00e4glas av f\u00f6r\u00e4ndring och f\u00f6rsiktighet. Inom Life Science har rekrytering blivit mer komplex \u2013 trots f\u00e4rre jobbannonser. H\u00e4r delar SallyQ insikter om trender, kandidater och nya arbetss\u00e4tt.","breadcrumb":{"@id":"https:\/\/sallyq.se\/arbetsmarknaden-2025-forandring-forsiktighet-och-avsaknad-av-fika\/#breadcrumb"},"inLanguage":"en-US","potentialAction":[{"@type":"ReadAction","target":["https:\/\/sallyq.se\/arbetsmarknaden-2025-forandring-forsiktighet-och-avsaknad-av-fika\/"]}]},{"@type":"ImageObject","inLanguage":"en-US","@id":"https:\/\/sallyq.se\/arbetsmarknaden-2025-forandring-forsiktighet-och-avsaknad-av-fika\/#primaryimage","url":"https:\/\/sallyq.se\/wp-content\/uploads\/2023\/12\/erik-mclean-oPWGhqBPNI0-unsplash-scaled.jpg","contentUrl":"https:\/\/sallyq.se\/wp-content\/uploads\/2023\/12\/erik-mclean-oPWGhqBPNI0-unsplash-scaled.jpg","width":2560,"height":1707},{"@type":"BreadcrumbList","@id":"https:\/\/sallyq.se\/arbetsmarknaden-2025-forandring-forsiktighet-och-avsaknad-av-fika\/#breadcrumb","itemListElement":[{"@type":"ListItem","position":1,"name":"Hem","item":"https:\/\/sallyq.se\/"},{"@type":"ListItem","position":2,"name":"Arbetsmarknaden 2025 \u2013 f\u00f6r\u00e4ndring, f\u00f6rsiktighet och avsaknad av fika"}]},{"@type":"WebSite","@id":"https:\/\/sallyq.se\/#website","url":"https:\/\/sallyq.se\/","name":"SallyQ","description":"F\u00f6r en kvalitativ v\u00e4g till framsteg","publisher":{"@id":"https:\/\/sallyq.se\/#organization"},"potentialAction":[{"@type":"SearchAction","target":{"@type":"EntryPoint","urlTemplate":"https:\/\/sallyq.se\/?s={search_term_string}"},"query-input":{"@type":"PropertyValueSpecification","valueRequired":true,"valueName":"search_term_string"}}],"inLanguage":"en-US"},{"@type":"Organization","@id":"https:\/\/sallyq.se\/#organization","name":"SallyQ","url":"https:\/\/sallyq.se\/","logo":{"@type":"ImageObject","inLanguage":"en-US","@id":"https:\/\/sallyq.se\/#\/schema\/logo\/image\/","url":"https:\/\/sallyq.se\/wp-content\/uploads\/2023\/12\/sq-r.png","contentUrl":"https:\/\/sallyq.se\/wp-content\/uploads\/2023\/12\/sq-r.png","width":1000,"height":335,"caption":"SallyQ"},"image":{"@id":"https:\/\/sallyq.se\/#\/schema\/logo\/image\/"},"sameAs":["https:\/\/www.facebook.com\/wearesallyq","https:\/\/www.instagram.com\/wearesallyq\/?igsh=eXN6aWh2cHhhY3Zy&utm_source=qr","https:\/\/www.linkedin.com\/company\/sallyq\/"]},{"@type":"Person","@id":"https:\/\/sallyq.se\/#\/schema\/person\/a4c04bccbf40186bbfd8319ed168f2f1","name":"QAdmin","image":{"@type":"ImageObject","inLanguage":"en-US","@id":"https:\/\/secure.gravatar.com\/avatar\/67b7d7c437c6d44fe53ddb91396beec9be6a6b412de9143ae5dd509fd2359437?s=96&d=mm&r=g","url":"https:\/\/secure.gravatar.com\/avatar\/67b7d7c437c6d44fe53ddb91396beec9be6a6b412de9143ae5dd509fd2359437?s=96&d=mm&r=g","contentUrl":"https:\/\/secure.gravatar.com\/avatar\/67b7d7c437c6d44fe53ddb91396beec9be6a6b412de9143ae5dd509fd2359437?s=96&d=mm&r=g","caption":"QAdmin"},"sameAs":["https:\/\/sallyq.se"],"url":"https:\/\/sallyq.se\/en\/author\/qadmin\/"}]}},"uagb_featured_image_src":{"full":["https:\/\/sallyq.se\/wp-content\/uploads\/2023\/12\/erik-mclean-oPWGhqBPNI0-unsplash-scaled.jpg",2560,1707,false],"thumbnail":["https:\/\/sallyq.se\/wp-content\/uploads\/2023\/12\/erik-mclean-oPWGhqBPNI0-unsplash-150x150.jpg",150,150,true],"medium":["https:\/\/sallyq.se\/wp-content\/uploads\/2023\/12\/erik-mclean-oPWGhqBPNI0-unsplash-300x200.jpg",300,200,true],"medium_large":["https:\/\/sallyq.se\/wp-content\/uploads\/2023\/12\/erik-mclean-oPWGhqBPNI0-unsplash-768x512.jpg",768,512,true],"large":["https:\/\/sallyq.se\/wp-content\/uploads\/2023\/12\/erik-mclean-oPWGhqBPNI0-unsplash-1024x683.jpg",1024,683,true],"1536x1536":["https:\/\/sallyq.se\/wp-content\/uploads\/2023\/12\/erik-mclean-oPWGhqBPNI0-unsplash-1536x1024.jpg",1536,1024,true],"2048x2048":["https:\/\/sallyq.se\/wp-content\/uploads\/2023\/12\/erik-mclean-oPWGhqBPNI0-unsplash-2048x1365.jpg",2048,1365,true],"trp-custom-language-flag":["https:\/\/sallyq.se\/wp-content\/uploads\/2023\/12\/erik-mclean-oPWGhqBPNI0-unsplash-scaled.jpg",18,12,false]},"uagb_author_info":{"display_name":"QAdmin","author_link":"https:\/\/sallyq.se\/en\/author\/qadmin\/"},"uagb_comment_info":0,"uagb_excerpt":"F\u00e4rre jobbannonser, fler konkurser och en m\u00e4rkbart f\u00f6rsiktigare ton pr\u00e4glar den svenska arbetsmarknaden just nu. Men bortom siffrorna m\u00e4rks n\u00e5got mer subtilt: besluten tar l\u00e4ngre tid, spontana samtal har blivit ovanliga \u2013 och till och med fikat verkar ha blivit en bristvara.","_links":{"self":[{"href":"https:\/\/sallyq.se\/en\/wp-json\/wp\/v2\/posts\/1352","targetHints":{"allow":["GET"]}}],"collection":[{"href":"https:\/\/sallyq.se\/en\/wp-json\/wp\/v2\/posts"}],"about":[{"href":"https:\/\/sallyq.se\/en\/wp-json\/wp\/v2\/types\/post"}],"author":[{"embeddable":true,"href":"https:\/\/sallyq.se\/en\/wp-json\/wp\/v2\/users\/1"}],"replies":[{"embeddable":true,"href":"https:\/\/sallyq.se\/en\/wp-json\/wp\/v2\/comments?post=1352"}],"version-history":[{"count":8,"href":"https:\/\/sallyq.se\/en\/wp-json\/wp\/v2\/posts\/1352\/revisions"}],"predecessor-version":[{"id":1493,"href":"https:\/\/sallyq.se\/en\/wp-json\/wp\/v2\/posts\/1352\/revisions\/1493"}],"wp:featuredmedia":[{"embeddable":true,"href":"https:\/\/sallyq.se\/en\/wp-json\/wp\/v2\/media\/49"}],"wp:attachment":[{"href":"https:\/\/sallyq.se\/en\/wp-json\/wp\/v2\/media?parent=1352"}],"wp:term":[{"taxonomy":"category","embeddable":true,"href":"https:\/\/sallyq.se\/en\/wp-json\/wp\/v2\/categories?post=1352"},{"taxonomy":"post_tag","embeddable":true,"href":"https:\/\/sallyq.se\/en\/wp-json\/wp\/v2\/tags?post=1352"}],"curies":[{"name":"wp","href":"https:\/\/api.w.org\/{rel}","templated":true}]}}